{"id":17111,"date":"2025-05-31T01:45:44","date_gmt":"2025-05-31T01:45:44","guid":{"rendered":"https:\/\/foodsco.ci\/?p=17111"},"modified":"2025-05-31T01:57:06","modified_gmt":"2025-05-31T01:57:06","slug":"quand-linnovation-rencontre-lengagement-partenariat-belge-ivoirien-de-lor-vert-a-lor-noir-la-revolution-des-coques-de-cajou-en-cote-divoire","status":"publish","type":"post","link":"https:\/\/foodsco.ci\/fr\/quand-linnovation-rencontre-lengagement-partenariat-belge-ivoirien-de-lor-vert-a-lor-noir-la-revolution-des-coques-de-cajou-en-cote-divoire\/","title":{"rendered":"Quand l\u2019innovation rencontre l\u2019engagement\/Partenariat belge-ivoirien : de l\u2019or vert \u00e0 l\u2019or noir, la r\u00e9volution des coques de cajou en C\u00f4te d\u2019Ivoire."},"content":{"rendered":"<div data-elementor-type=\"wp-post\" data-elementor-id=\"17111\" class=\"elementor elementor-17111\" data-elementor-post-type=\"post\">\n\t\t\t\t<div class=\"elementor-element elementor-element-aeebff0 e-flex e-con-boxed e-con e-parent\" data-id=\"aeebff0\" data-element_type=\"container\">\n\t\t\t\t\t<div class=\"e-con-inner\">\n\t\t\t\t<div class=\"elementor-element elementor-element-a719a7f elementor-widget elementor-widget-heading\" data-id=\"a719a7f\" data-element_type=\"widget\" data-widget_type=\"heading.default\">\n\t\t\t\t<div class=\"elementor-widget-container\">\n\t\t\t\t\t<h1 class=\"elementor-heading-title elementor-size-xl\">Quand l\u2019innovation rencontre l\u2019engagement\/Partenariat belge-ivoirien : de l\u2019or vert \u00e0 l\u2019or noir, <span style=\"color:#E73519\">la r\u00e9volution des coques de cajou en C\u00f4te d\u2019Ivoire.<\/span><\/h1>\t\t\t\t<\/div>\n\t\t\t\t<\/div>\n\t\t\t\t<div class=\"elementor-element elementor-element-955b217 elementor-widget elementor-widget-image\" data-id=\"955b217\" data-element_type=\"widget\" data-widget_type=\"image.default\">\n\t\t\t\t<div class=\"elementor-widget-container\">\n\t\t\t\t\t\t\t\t\t\t\t\t\t\t\t<img fetchpriority=\"high\" decoding=\"async\" width=\"605\" height=\"454\" src=\"https:\/\/foodsco.ci\/wp-content\/uploads\/2025\/05\/partner1.jpg\" class=\"attachment-full size-full wp-image-17113\" alt=\"\" srcset=\"https:\/\/foodsco.ci\/wp-content\/uploads\/2025\/05\/partner1.jpg 605w, https:\/\/foodsco.ci\/wp-content\/uploads\/2025\/05\/partner1-300x225.jpg 300w, https:\/\/foodsco.ci\/wp-content\/uploads\/2025\/05\/partner1-16x12.jpg 16w, https:\/\/foodsco.ci\/wp-content\/uploads\/2025\/05\/partner1-500x375.jpg 500w\" sizes=\"(max-width: 605px) 100vw, 605px\" \/>\t\t\t\t\t\t\t\t\t\t\t\t\t\t\t<\/div>\n\t\t\t\t<\/div>\n\t\t<div class=\"elementor-element elementor-element-3264a71 e-con-full e-flex e-con e-child\" data-id=\"3264a71\" data-element_type=\"container\" data-settings=\"{&quot;background_background&quot;:&quot;classic&quot;}\">\n\t\t<div class=\"elementor-element elementor-element-47bdb98 e-con-full e-flex e-con e-child\" data-id=\"47bdb98\" data-element_type=\"container\">\n\t\t\t\t<div class=\"elementor-element elementor-element-8561bfe elementor-widget elementor-widget-heading\" data-id=\"8561bfe\" data-element_type=\"widget\" data-widget_type=\"heading.default\">\n\t\t\t\t<div class=\"elementor-widget-container\">\n\t\t\t\t\t<h2 class=\"elementor-heading-title elementor-size-default\">Le mardi 27 mai 2025, une d\u00e9l\u00e9gation belge men\u00e9e par M. Maxime Prevot, Vice-Premier Ministre, Ministre des Affaires \u00e9trang\u00e8res, des Affaires europ\u00e9ennes et de la Coop\u00e9ration au d\u00e9veloppement, a effectu\u00e9 une visite de l\u2019usine de produits finis de FOODS\u2019 CO, situ\u00e9e \u00e0 Treichville, Abidjan.\n<\/h2>\t\t\t\t<\/div>\n\t\t\t\t<\/div>\n\t\t\t\t<div class=\"elementor-element elementor-element-5eb5693 elementor-widget elementor-widget-spacer\" data-id=\"5eb5693\" data-element_type=\"widget\" data-widget_type=\"spacer.default\">\n\t\t\t\t<div class=\"elementor-widget-container\">\n\t\t\t\t\t\t\t<div class=\"elementor-spacer\">\n\t\t\t<div class=\"elementor-spacer-inner\"><\/div>\n\t\t<\/div>\n\t\t\t\t\t\t<\/div>\n\t\t\t\t<\/div>\n\t\t\t\t<div class=\"elementor-element elementor-element-98814a8 elementor-widget elementor-widget-text-editor\" data-id=\"98814a8\" data-element_type=\"widget\" data-widget_type=\"text-editor.default\">\n\t\t\t\t<div class=\"elementor-widget-container\">\n\t\t\t\t\t\t\t\t\t<strong>Cette visite s\u2019est tenue au si\u00e8ge social de l\u2019entreprise, sis \u00e0 Treichville Zone 3, rue de la Glaci\u00e8re.<\/strong>\n\n\n\t\t\t\t\t\t\t\t<\/div>\n\t\t\t\t<\/div>\n\t\t\t\t<div class=\"elementor-element elementor-element-1e00ac7 elementor-widget elementor-widget-heading\" data-id=\"1e00ac7\" data-element_type=\"widget\" data-widget_type=\"heading.default\">\n\t\t\t\t<div class=\"elementor-widget-container\">\n\t\t\t\t\t<h2 class=\"elementor-heading-title elementor-size-default\">Un accord historique pour l\u2019industrie ivoirienne<\/h2>\t\t\t\t<\/div>\n\t\t\t\t<\/div>\n\t\t\t\t<div class=\"elementor-element elementor-element-bef036f elementor-widget elementor-widget-spacer\" data-id=\"bef036f\" data-element_type=\"widget\" data-widget_type=\"spacer.default\">\n\t\t\t\t<div class=\"elementor-widget-container\">\n\t\t\t\t\t\t\t<div class=\"elementor-spacer\">\n\t\t\t<div class=\"elementor-spacer-inner\"><\/div>\n\t\t<\/div>\n\t\t\t\t\t\t<\/div>\n\t\t\t\t<\/div>\n\t\t\t\t<div class=\"elementor-element elementor-element-d73956f elementor-widget elementor-widget-text-editor\" data-id=\"d73956f\" data-element_type=\"widget\" data-widget_type=\"text-editor.default\">\n\t\t\t\t<div class=\"elementor-widget-container\">\n\t\t\t\t\t\t\t\t\t<strong>\u00c0 l\u2019issue de cette visite, une \u00e9tape significative a \u00e9t\u00e9 franchie : la signature officielle de la convention entre BIO Invest et FOODS\u2019 CO. Ce partenariat strat\u00e9gique vise la mise en place d\u2019une usine de production de liquide de coques (CNSL) et de briquettes de charbon, qui sera implant\u00e9e dans la localit\u00e9 de B\u00e9oumi.\n\n \n<\/strong>\n\n\n\t\t\t\t\t\t\t\t<\/div>\n\t\t\t\t<\/div>\n\t\t\t\t<div class=\"elementor-element elementor-element-6bb6d8c elementor-widget elementor-widget-image\" data-id=\"6bb6d8c\" data-element_type=\"widget\" data-widget_type=\"image.default\">\n\t\t\t\t<div class=\"elementor-widget-container\">\n\t\t\t\t\t\t\t\t\t\t\t\t\t\t\t<img decoding=\"async\" width=\"605\" height=\"454\" src=\"https:\/\/foodsco.ci\/wp-content\/uploads\/2025\/05\/partner2.jpg\" class=\"attachment-large size-large wp-image-17114\" alt=\"\" srcset=\"https:\/\/foodsco.ci\/wp-content\/uploads\/2025\/05\/partner2.jpg 605w, https:\/\/foodsco.ci\/wp-content\/uploads\/2025\/05\/partner2-300x225.jpg 300w, https:\/\/foodsco.ci\/wp-content\/uploads\/2025\/05\/partner2-16x12.jpg 16w, https:\/\/foodsco.ci\/wp-content\/uploads\/2025\/05\/partner2-500x375.jpg 500w\" sizes=\"(max-width: 605px) 100vw, 605px\" \/>\t\t\t\t\t\t\t\t\t\t\t\t\t\t\t<\/div>\n\t\t\t\t<\/div>\n\t\t\t\t<div class=\"elementor-element elementor-element-e810a38 elementor-widget elementor-widget-heading\" data-id=\"e810a38\" data-element_type=\"widget\" data-widget_type=\"heading.default\">\n\t\t\t\t<div class=\"elementor-widget-container\">\n\t\t\t\t\t<h2 class=\"elementor-heading-title elementor-size-default\">Un projet \u00e0 fort impact \u00e9conomique et environnemental<\/h2>\t\t\t\t<\/div>\n\t\t\t\t<\/div>\n\t\t\t\t<div class=\"elementor-element elementor-element-c1ecbef elementor-widget elementor-widget-text-editor\" data-id=\"c1ecbef\" data-element_type=\"widget\" data-widget_type=\"text-editor.default\">\n\t\t\t\t<div class=\"elementor-widget-container\">\n\t\t\t\t\t\t\t\t\t<strong>Selon M. Sanogo Tahirou, Directeur G\u00e9n\u00e9ral de FOODS\u2019 CO SA, cet accord repr\u00e9sente une opportunit\u00e9 pr\u00e9cieuse pour la fili\u00e8re ivoirienne de transformation du cajou. \u00ab Les coques de cajou, souvent consid\u00e9r\u00e9es comme des d\u00e9chets probl\u00e9matiques, pourront d\u00e9sormais \u00eatre valoris\u00e9es \u00e0 travers la production d\u2019huile et de charbon de coques. Cela permettra non seulement de cr\u00e9er une nouvelle source de valeur \u00e9conomique, mais aussi de pr\u00e9server l\u2019environnement en limitant la d\u00e9forestation. \n<br><br>\nDe plus, ce projet aura un impact social significatif : il g\u00e9n\u00e9rera 50 emplois suppl\u00e9mentaires, portant ainsi \u00e0 650 le nombre total d\u2019emplois sauvegard\u00e9s gr\u00e2ce \u00e0 cette initiative. \u00bb, a laiss\u00e9 entendre lors de sa prise de parole.\n<\/strong>\n\n\n\t\t\t\t\t\t\t\t<\/div>\n\t\t\t\t<\/div>\n\t\t\t\t<div class=\"elementor-element elementor-element-6f94cc6 elementor-widget elementor-widget-heading\" data-id=\"6f94cc6\" data-element_type=\"widget\" data-widget_type=\"heading.default\">\n\t\t\t\t<div class=\"elementor-widget-container\">\n\t\t\t\t\t<h2 class=\"elementor-heading-title elementor-size-default\">Une coop\u00e9ration internationale au service du d\u00e9veloppement durable<\/h2>\t\t\t\t<\/div>\n\t\t\t\t<\/div>\n\t\t\t\t<div class=\"elementor-element elementor-element-8f80ea9 elementor-widget elementor-widget-text-editor\" data-id=\"8f80ea9\" data-element_type=\"widget\" data-widget_type=\"text-editor.default\">\n\t\t\t\t<div class=\"elementor-widget-container\">\n\t\t\t\t\t\t\t\t\t<strong>Lors de cette c\u00e9r\u00e9monie, M. Maxime Prevot a affirm\u00e9 que la Belgique ne cherche pas un b\u00e9n\u00e9fice imm\u00e9diat dans cette d\u00e9marche. En revanche, elle inscrit ce partenariat dans un cadre de coop\u00e9ration internationale, en renfor\u00e7ant les liens historiques entre la R\u00e9publique de Belgique et la C\u00f4te d\u2019Ivoire. Il a \u00e9galement soulign\u00e9 que ce projet s\u2019int\u00e8gre parfaitement dans une vision de d\u00e9veloppement durable, contribuant \u00e0 la cr\u00e9ation d\u2019emplois locaux et \u00e0 la stimulation du capital \u00e9conomique ivoirien.\n<\/strong>\n\n\n\t\t\t\t\t\t\t\t<\/div>\n\t\t\t\t<\/div>\n\t\t\t\t<div class=\"elementor-element elementor-element-11de881 elementor-widget elementor-widget-heading\" data-id=\"11de881\" data-element_type=\"widget\" data-widget_type=\"heading.default\">\n\t\t\t\t<div class=\"elementor-widget-container\">\n\t\t\t\t\t<h2 class=\"elementor-heading-title elementor-size-default\">Un investissement strat\u00e9gique pour BIO Invest<\/h2>\t\t\t\t<\/div>\n\t\t\t\t<\/div>\n\t\t\t\t<div class=\"elementor-element elementor-element-0e4e8a3 elementor-widget elementor-widget-text-editor\" data-id=\"0e4e8a3\" data-element_type=\"widget\" data-widget_type=\"text-editor.default\">\n\t\t\t\t<div class=\"elementor-widget-container\">\n\t\t\t\t\t\t\t\t\t<strong>Pour M. Joris Tott\u00e9, CEO de BIO, cet investissement de 3 millions d\u2019euros est motiv\u00e9 par plusieurs facteurs. D\u2019une part, il valorise un produit cl\u00e9 pour l\u2019\u00e9conomie ivoirienne. D\u2019autre part, il s\u2019inscrit dans une logique d\u2019\u00e9conomie circulaire et de pr\u00e9servation environnementale.  \u00bb les coques de cajou sont des substances toxiques, et leur transformation en produits r\u00e9utilisables constitue une avanc\u00e9e \u00e9cologique majeure. \u00bb, a-t-il dit. Enfin, il a insist\u00e9 sur le r\u00f4le essentiel des PME dans l\u2019\u00e9conomie, soulignant l\u2019importance de soutenir les entreprises locales et de renforcer la pr\u00e9sence belge en C\u00f4te d\u2019Ivoire. <br><br>Il fautt souligner que la signature de cet accord marque un tournant important pour l\u2019industrie ivoirienne du cajou. Gr\u00e2ce \u00e0 cette coop\u00e9ration entre BIO Invest et FOODS\u2019 CO, la C\u00f4te d\u2019Ivoire b\u00e9n\u00e9ficie d\u2019un projet \u00e0 forte valeur ajout\u00e9e, tant sur le plan \u00e9conomique qu\u2019environnemental.<br><br>Un partenariat gagnant-gagnant qui illustre l\u2019engagement de la Belgique en faveur du d\u00e9veloppement durable et de la croissance des \u00e9conomies africaines.\n<\/strong>\n\n\n\t\t\t\t\t\t\t\t<\/div>\n\t\t\t\t<\/div>\n\t\t\t\t<\/div>\n\t\t\t\t<\/div>\n\t\t\t\t<div class=\"elementor-element elementor-element-299c537 elementor-widget elementor-widget-video\" data-id=\"299c537\" data-element_type=\"widget\" data-settings=\"{&quot;video_type&quot;:&quot;hosted&quot;,&quot;controls&quot;:&quot;yes&quot;}\" data-widget_type=\"video.default\">\n\t\t\t\t<div class=\"elementor-widget-container\">\n\t\t\t\t\t\t\t<div class=\"e-hosted-video elementor-wrapper elementor-open-inline\">\n\t\t\t\t\t<video class=\"elementor-video\" src=\"https:\/\/foodsco.ci\/wp-content\/uploads\/2025\/05\/partner-foodsco-bio.mp4\" controls=\"\" preload=\"metadata\" controlslist=\"nodownload\"><\/video>\n\t\t\t\t<\/div>\n\t\t\t\t\t\t<\/div>\n\t\t\t\t<\/div>\n\t\t\t\t\t<\/div>\n\t\t\t\t<\/div>\n\t\t\t\t<\/div>","protected":false},"excerpt":{"rendered":"<p>Quand l\u2019innovation rencontre l\u2019engagement\/Partenariat belge-ivoirien : de l\u2019or vert \u00e0 l\u2019or noir, la r\u00e9volution des coques de cajou en C\u00f4te d\u2019Ivoire. Le mardi 27 mai 2025, une d\u00e9l\u00e9gation belge men\u00e9e&#8230;<\/p>","protected":false},"author":1,"featured_media":17113,"comment_status":"closed","ping_status":"open","sticky":false,"template":"","format":"standard","meta":{"footnotes":""},"categories":[2,22,55],"tags":[],"class_list":{"0":"post-17111","1":"post","2":"type-post","3":"status-publish","4":"format-standard","5":"has-post-thumbnail","7":"category-blog","8":"category-evements","9":"category-our-news"},"_links":{"self":[{"href":"https:\/\/foodsco.ci\/fr\/wp-json\/wp\/v2\/posts\/17111","targetHints":{"allow":["GET"]}}],"collection":[{"href":"https:\/\/foodsco.ci\/fr\/wp-json\/wp\/v2\/posts"}],"about":[{"href":"https:\/\/foodsco.ci\/fr\/wp-json\/wp\/v2\/types\/post"}],"author":[{"embeddable":true,"href":"https:\/\/foodsco.ci\/fr\/wp-json\/wp\/v2\/users\/1"}],"replies":[{"embeddable":true,"href":"https:\/\/foodsco.ci\/fr\/wp-json\/wp\/v2\/comments?post=17111"}],"version-history":[{"count":8,"href":"https:\/\/foodsco.ci\/fr\/wp-json\/wp\/v2\/posts\/17111\/revisions"}],"predecessor-version":[{"id":17123,"href":"https:\/\/foodsco.ci\/fr\/wp-json\/wp\/v2\/posts\/17111\/revisions\/17123"}],"wp:featuredmedia":[{"embeddable":true,"href":"https:\/\/foodsco.ci\/fr\/wp-json\/wp\/v2\/media\/17113"}],"wp:attachment":[{"href":"https:\/\/foodsco.ci\/fr\/wp-json\/wp\/v2\/media?parent=17111"}],"wp:term":[{"taxonomy":"category","embeddable":true,"href":"https:\/\/foodsco.ci\/fr\/wp-json\/wp\/v2\/categories?post=17111"},{"taxonomy":"post_tag","embeddable":true,"href":"https:\/\/foodsco.ci\/fr\/wp-json\/wp\/v2\/tags?post=17111"}],"curies":[{"name":"wp","href":"https:\/\/api.w.org\/{rel}","templated":true}]}}